{"id":193,"date":"2017-12-08T19:26:00","date_gmt":"2017-12-08T19:26:00","guid":{"rendered":"https:\/\/arisvisionmexico.com\/cdmx\/index.php\/2017\/12\/08\/los-ojos-envejecen\/"},"modified":"2022-04-19T07:32:25","modified_gmt":"2022-04-19T07:32:25","slug":"los-ojos-envejecen","status":"publish","type":"post","link":"https:\/\/arisvisionmexico.com\/cdmx\/2017\/12\/los-ojos-envejecen\/","title":{"rendered":"\u00bfLos ojos envejecen?"},"content":{"rendered":"<div style=\"text-align: justify;\"><span style=\"font-family: &quot;arial&quot; , sans-serif; font-size: 12.0pt;\">Los ojos son, junto con la piel, los \u00f3rganos que antes acusan el paso del tiempo. Sin embargo, mientras que no escatimamos en mimos cut\u00e1neos, a la vista le hacemos el caso justo y solo cuando las se\u00f1ales alertan de alg\u00fan problema. Con la edad, esos controles se hacen m\u00e1s importantes si cabe, porque las estructuras que obran la magia de la visi\u00f3n se resienten: la pupila reacciona de manera m\u00e1s lenta para adaptarse a la luz o la oscuridad, la c\u00f3rnea se vuelve m\u00e1s sensible, al cristalino le cuesta m\u00e1s enfocar&#8230;<o:p><\/o:p><\/span><\/div>\n<div style=\"text-align: justify;\"><\/div>\n<div style=\"text-align: justify;\"><span style=\"font-family: &quot;arial&quot; , sans-serif; font-size: 12.0pt;\">A ello se une el incremento de incidencia de enfermedades como la diabetes y la hipertensi\u00f3n, que tienen un efecto negativo en la vista. El resultado es que los problemas oculares afectan a nuestra calidad de vida. Aunque el deterioro es, en cierta medida, natural e inevitable, con el debido tratamiento y control se puede retrasar su aparici\u00f3n y paliar sus efectos. Trastornos m\u00e1s comunes, para que lo veas todo m\u00e1s claro:<o:p><\/o:p><\/span><\/div>\n<div style=\"text-align: justify;\"><\/div>\n<div style=\"clear: both; text-align: center;\"><a href=\"https:\/\/2.bp.blogspot.com\/-QCirCMVVD1Y\/WiYooYCBo0I\/AAAAAAAABWA\/6xWWKZkYkcMCCMSr0bRtTBnPG-nekikEwCLcBGAs\/s1600\/Presbicia-O-Vista-Cansada.jpg\" style=\"margin-left: 1em; margin-right: 1em;\"><img loading=\"lazy\" decoding=\"async\" border=\"0\" data-original-height=\"420\" data-original-width=\"840\" height=\"160\" src=\"https:\/\/2.bp.blogspot.com\/-QCirCMVVD1Y\/WiYooYCBo0I\/AAAAAAAABWA\/6xWWKZkYkcMCCMSr0bRtTBnPG-nekikEwCLcBGAs\/s320\/Presbicia-O-Vista-Cansada.jpg\" width=\"320\"><\/a><\/div>\n<div style=\"text-align: justify;\"><b><span style=\"font-family: &quot;arial&quot; , sans-serif; font-size: 12.0pt;\">Vista cansada<o:p><\/o:p><\/span><\/b><\/div>\n<div style=\"text-align: justify;\"><span style=\"font-family: &quot;arial&quot; , sans-serif; font-size: 12.0pt;\">Llega un d\u00eda en el que te sientes como tu abuela, porque tienes que alejar el men\u00fa del restaurante para poder elegir o no hay manera, por m\u00e1s que lo intentes, de leer las etiquetas de los productos en el supermercado. \u00bfEs posible evitar este proceso? Pues lo cierto es que no, porque con el paso del tiempo el cristalino, esa lente natural que tenemos en el interior del ojo y que nos sirve para enfocar, va perdiendo flexibilidad gradualmente y con ella su capacidad para modificar su curvatura y enfocar los objetos, dificultando de manera progresiva la visi\u00f3n en distancias cortas e intermedias.<o:p><\/o:p><\/span><\/div>\n<div style=\"text-align: justify;\"><\/div>\n<div style=\"text-align: justify;\"><span style=\"font-family: &quot;arial&quot; , sans-serif; font-size: 12.0pt;\">Este trastorno se llama presbicia y es el problema de visi\u00f3n m\u00e1s frecuente afecta al 80% de las personas entre 45 y 65 a\u00f1os y a pr\u00e1cticamente la totalidad de los mayores de esa edad. Otros s\u00edntomas son la dificultad para la lectura en ambientes poco iluminados, el cansancio visual (astenopia) o las cefaleas frontales al final de la jornada.<o:p><\/o:p><\/span><\/div>\n<div style=\"text-align: justify;\"><\/div>\n<div style=\"clear: both; text-align: center;\"><a href=\"https:\/\/3.bp.blogspot.com\/-VEOhvuiT8Y0\/WiYpICucBoI\/AAAAAAAABWY\/Nr_R419TEkkjHbe0uzd4uyF2uvKVk3eIQCLcBGAs\/s1600\/sequedad.jpg\" style=\"margin-left: 1em; margin-right: 1em;\"><img decoding=\"async\" border=\"0\" data-original-height=\"172\" data-original-width=\"292\" src=\"https:\/\/3.bp.blogspot.com\/-VEOhvuiT8Y0\/WiYpICucBoI\/AAAAAAAABWY\/Nr_R419TEkkjHbe0uzd4uyF2uvKVk3eIQCLcBGAs\/s1600\/sequedad.jpg\"><\/a><\/div>\n<div style=\"text-align: justify;\"><b><span style=\"font-family: &quot;arial&quot; , sans-serif; font-size: 12.0pt;\">Sequedad<o:p><\/o:p><\/span><\/b><\/div>\n<p><span style=\"font-family: &quot;arial&quot; , sans-serif; font-size: 12.0pt; line-height: 107%;\">El s\u00edndrome de ojo seco se produce cuando hay una deficiencia en la cantidad o calidad de la l\u00e1grima natural y, en consecuencia, no se mantiene lubricado. La causa m\u00e1s com\u00fan es la disminuci\u00f3n de la secreci\u00f3n debida a la edad. Adem\u00e1s, los cambios hormonales, as\u00ed como la contaminaci\u00f3n, favorecen la disminuci\u00f3n de la secreci\u00f3n de l\u00e1grima. Llevar lentes de contacto tambi\u00e9n es un factor de riesgo de s\u00edndrome de ojo seco. Es un problema que afecta en mayor medida a las mujeres mayores de 50 a\u00f1os y que se manifiesta con picor y quemaz\u00f3n, sensaci\u00f3n de arenilla en los ojos, p\u00e1rpados pesados, cansancio visual y sensibilidad a la luz.<\/span><br \/>\n<span style=\"font-family: &quot;arial&quot; , sans-serif; font-size: 12.0pt; line-height: 107%;\"><br \/>\n<\/span><span style=\"font-family: &quot;arial&quot; , sans-serif; font-size: 12.0pt; line-height: 107%;\">Continuar\u00e1&#8230;&nbsp;<\/span><br \/>\n<span style=\"font-family: &quot;arial&quot; , sans-serif; font-size: 12.0pt; line-height: 107%;\"><br \/>\n<\/span><span style=\"font-family: &quot;arial&quot; , sans-serif; font-size: 12.0pt; line-height: 107%;\"><\/span><\/p>\n<div style=\"text-align: justify;\"><span style=\"font-family: &quot;arial&quot; , sans-serif; font-size: 12.0pt;\">Informaci\u00f3n de\u2026 https:\/\/goo.gl\/YezZeU<o:p><\/o:p><\/span><\/div>\n","protected":false},"excerpt":{"rendered":"<p>Los ojos son, junto con la piel, los \u00f3rganos que antes acusan el paso del tiempo. Sin embargo, mientras que no escatimamos en mimos cut\u00e1neos, a la vista le hacemos el caso justo y solo cuando las se\u00f1ales alertan de alg\u00fan problema. Con la edad, esos controles se hacen m\u00e1s importantes si cabe, porque las [&hellip;]<\/p>\n","protected":false},"author":2,"featured_media":0,"comment_status":"open","ping_status":"open","sticky":false,"template":"","format":"standard","meta":{"om_disable_all_campaigns":false,"_monsterinsights_skip_tracking":false,"_monsterinsights_sitenote_active":false,"_monsterinsights_sitenote_note":"","_monsterinsights_sitenote_category":0,"site-sidebar-layout":"default","site-content-layout":"","ast-site-content-layout":"default","site-content-style":"default","site-sidebar-style":"default","ast-global-header-display":"","ast-banner-title-visibility":"","ast-main-header-display":"","ast-hfb-above-header-display":"","ast-hfb-below-header-display":"","ast-hfb-mobile-header-display":"","site-post-title":"","ast-breadcrumbs-content":"","ast-featured-img":"","footer-sml-layout":"","ast-disable-related-posts":"","theme-transparent-header-meta":"","adv-header-id-meta":"","stick-header-meta":"","header-above-stick-meta":"","header-main-stick-meta":"","header-below-stick-meta":"","astra-migrate-meta-layouts":"default","ast-page-background-enabled":"default","ast-page-background-meta":{"desktop":{"background-color":"","background-image":"","background-repeat":"repeat","background-position":"center center","background-size":"auto","background-attachment":"scroll","background-type":"","background-media":"","overlay-type":"","overlay-color":"","overlay-opacity":"","overlay-gradient":""},"tablet":{"background-color":"","background-image":"","background-repeat":"repeat","background-position":"center center","background-size":"auto","background-attachment":"scroll","background-type":"","background-media":"","overlay-type":"","overlay-color":"","overlay-opacity":"","overlay-gradient":""},"mobile":{"background-color":"","background-image":"","background-repeat":"repeat","background-position":"center center","background-size":"auto","background-attachment":"scroll","background-type":"","background-media":"","overlay-type":"","overlay-color":"","overlay-opacity":"","overlay-gradient":""}},"ast-content-background-meta":{"desktop":{"background-color":"var(--ast-global-color-5)","background-image":"","background-repeat":"repeat","background-position":"center center","background-size":"auto","background-attachment":"scroll","background-type":"","background-media":"","overlay-type":"","overlay-color":"","overlay-opacity":"","overlay-gradient":""},"tablet":{"background-color":"var(--ast-global-color-5)","background-image":"","background-repeat":"repeat","background-position":"center center","background-size":"auto","background-attachment":"scroll","background-type":"","background-media":"","overlay-type":"","overlay-color":"","overlay-opacity":"","overlay-gradient":""},"mobile":{"background-color":"var(--ast-global-color-5)","background-image":"","background-repeat":"repeat","background-position":"center center","background-size":"auto","background-attachment":"scroll","background-type":"","background-media":"","overlay-type":"","overlay-color":"","overlay-opacity":"","overlay-gradient":""}},"footnotes":""},"categories":[1],"tags":[],"class_list":["post-193","post","type-post","status-publish","format-standard","hentry","category-atencion-y-cuidado"],"aioseo_notices":[],"_links":{"self":[{"href":"https:\/\/arisvisionmexico.com\/cdmx\/wp-json\/wp\/v2\/posts\/193","targetHints":{"allow":["GET"]}}],"collection":[{"href":"https:\/\/arisvisionmexico.com\/cdmx\/wp-json\/wp\/v2\/posts"}],"about":[{"href":"https:\/\/arisvisionmexico.com\/cdmx\/wp-json\/wp\/v2\/types\/post"}],"author":[{"embeddable":true,"href":"https:\/\/arisvisionmexico.com\/cdmx\/wp-json\/wp\/v2\/users\/2"}],"replies":[{"embeddable":true,"href":"https:\/\/arisvisionmexico.com\/cdmx\/wp-json\/wp\/v2\/comments?post=193"}],"version-history":[{"count":2,"href":"https:\/\/arisvisionmexico.com\/cdmx\/wp-json\/wp\/v2\/posts\/193\/revisions"}],"predecessor-version":[{"id":1838,"href":"https:\/\/arisvisionmexico.com\/cdmx\/wp-json\/wp\/v2\/posts\/193\/revisions\/1838"}],"wp:attachment":[{"href":"https:\/\/arisvisionmexico.com\/cdmx\/wp-json\/wp\/v2\/media?parent=193"}],"wp:term":[{"taxonomy":"category","embeddable":true,"href":"https:\/\/arisvisionmexico.com\/cdmx\/wp-json\/wp\/v2\/categories?post=193"},{"taxonomy":"post_tag","embeddable":true,"href":"https:\/\/arisvisionmexico.com\/cdmx\/wp-json\/wp\/v2\/tags?post=193"}],"curies":[{"name":"wp","href":"https:\/\/api.w.org\/{rel}","templated":true}]}}