{"id":2683,"date":"2023-06-14T11:16:03","date_gmt":"2023-06-14T16:16:03","guid":{"rendered":"https:\/\/arisvisionmexico.com\/cdmx\/?p=2683"},"modified":"2023-06-01T13:28:30","modified_gmt":"2023-06-01T18:28:30","slug":"protegete-del-sol","status":"publish","type":"post","link":"https:\/\/arisvisionmexico.com\/cdmx\/2023\/06\/protegete-del-sol\/","title":{"rendered":"Prot\u00e9gete del sol"},"content":{"rendered":"<div style=\"text-align: justify;\"><span style=\"font-family: 'babelsans'; font-size: 12.0pt;\">El sol es un astro que tiene m\u00faltiples beneficios tanto para la vida humana como la animal y el medio ambiente, pero su exposici\u00f3n prolongada provoca da\u00f1os, algunos irreversibles, sobre todo en los ojos. <\/span><\/div>\n<div style=\"text-align: justify;\"><\/div>\n<div style=\"text-align: justify;\"><span style=\"font-family: 'babelsans'; font-size: 12.0pt;\">En cualquier \u00e9poca del a\u00f1o, es indispensable, cuidar la vista de sol por ello, te dejamos algunos consejos:<\/span><\/div>\n<div style=\"text-align: justify;\"><\/div>\n<div style=\"text-align: justify;\"><span style=\"font-family: 'babelsans'; font-size: 12.0pt;\">\u00a0 No s\u00f3lo es necesario utilizar protector solar para nuestra piel durante los meses m\u00e1s c\u00e1lidos, tambi\u00e9n es importante proteger los ojos.<\/span><\/div>\n<div><\/div>\n<div><img loading=\"lazy\" decoding=\"async\" class=\"aligncenter wp-image-2758\" src=\"https:\/\/arisvisionmexico.com\/cdmx\/wp-content\/uploads\/2023\/06\/Depositphotos_160751656_XL-300x200.jpg\" alt=\"\" width=\"392\" height=\"261\" srcset=\"https:\/\/arisvisionmexico.com\/cdmx\/wp-content\/uploads\/2023\/06\/Depositphotos_160751656_XL-300x200.jpg 300w, https:\/\/arisvisionmexico.com\/cdmx\/wp-content\/uploads\/2023\/06\/Depositphotos_160751656_XL-1024x683.jpg 1024w, https:\/\/arisvisionmexico.com\/cdmx\/wp-content\/uploads\/2023\/06\/Depositphotos_160751656_XL-768x513.jpg 768w, https:\/\/arisvisionmexico.com\/cdmx\/wp-content\/uploads\/2023\/06\/Depositphotos_160751656_XL-1536x1025.jpg 1536w, https:\/\/arisvisionmexico.com\/cdmx\/wp-content\/uploads\/2023\/06\/Depositphotos_160751656_XL-2048x1367.jpg 2048w\" sizes=\"auto, (max-width: 392px) 100vw, 392px\" \/><\/div>\n<div style=\"text-align: justify;\"><\/div>\n<div style=\"text-align: justify;\"><span style=\"font-family: 'babelsans'; font-size: 12.0pt;\">\u00a0Pasar mucho tiempo al aire libre puede incrementar el riesgo de desarrollar cataratas de acuerdo a algunos estudios , degeneraci\u00f3n macular y tumores en el ojo, como c\u00e1ncer. <\/span><\/div>\n<div style=\"text-align: justify;\"><\/div>\n<div style=\"text-align: justify;\"><span style=\"font-family: 'babelsans'; font-size: 12.0pt;\">3.\u00a0\u00a0\u00a0\u00a0\u00a0\u00a0\u00a0\u00a0 La radiaci\u00f3n UV, ya sea de la luz solar natural o de rayos artificiales en espacios cerrados, puede da\u00f1ar los tejidos de la superficie del ojo, as\u00ed como tambi\u00e9n la c\u00f3rnea y el lente<\/span><\/div>\n<div style=\"text-align: justify;\"><\/div>\n<div style=\"text-align: justify;\"><span style=\"font-family: 'babelsans'; font-size: 12.0pt;\">4.\u00a0\u00a0\u00a0\u00a0\u00a0\u00a0\u00a0\u00a0 Es indispensable utilizar lentes protectores contra rayos UV, lo que reducir\u00e1 el riesgo de tumores y enfermedades oftalmol\u00f3gicas que podr\u00edan implicar la p\u00e9rdida de la visi\u00f3n<\/span><\/div>\n<div style=\"text-align: justify;\"><\/div>\n<div style=\"clear: both; text-align: center;\"><\/div>\n<div style=\"text-align: justify;\"><span style=\"font-family: 'babelsans'; font-size: 12.0pt;\">\u00a0<\/span><\/div>\n<div style=\"text-align: justify;\"><span style=\"font-family: 'babelsans'; font-size: 12.0pt;\">5.\u00a0\u00a0\u00a0\u00a0\u00a0\u00a0\u00a0\u00a0 Si utiliza lentes de contacto, es indispensable que en exposici\u00f3n al sol, lo complemente con lentes oscuros adecuados. <\/span><\/div>\n<div style=\"text-align: justify;\"><\/div>\n<div style=\"text-align: justify;\"><span style=\"font-family: 'babelsans'; font-size: 12.0pt;\">Y lo m\u00e1s importante, no olviden acudir regularmente al oftalm\u00f3logo.<\/span><\/div>\n","protected":false},"excerpt":{"rendered":"<p>El sol es un astro que tiene m\u00faltiples beneficios tanto para la vida humana como la animal y el medio ambiente, pero su exposici\u00f3n prolongada provoca da\u00f1os, algunos irreversibles, sobre todo en los ojos. En cualquier \u00e9poca del a\u00f1o, es indispensable, cuidar la vista de sol por ello, te dejamos algunos consejos: \u00a0 No s\u00f3lo [&hellip;]<\/p>\n","protected":false},"author":5,"featured_media":0,"comment_status":"open","ping_status":"open","sticky":false,"template":"","format":"standard","meta":{"om_disable_all_campaigns":false,"_monsterinsights_skip_tracking":false,"_monsterinsights_sitenote_active":false,"_monsterinsights_sitenote_note":"","_monsterinsights_sitenote_category":0,"site-sidebar-layout":"default","site-content-layout":"default","ast-site-content-layout":"default","site-content-style":"default","site-sidebar-style":"default","ast-global-header-display":"","ast-banner-title-visibility":"","ast-main-header-display":"","ast-hfb-above-header-display":"","ast-hfb-below-header-display":"","ast-hfb-mobile-header-display":"","site-post-title":"","ast-breadcrumbs-content":"","ast-featured-img":"","footer-sml-layout":"","ast-disable-related-posts":"","theme-transparent-header-meta":"default","adv-header-id-meta":"","stick-header-meta":"","header-above-stick-meta":"","header-main-stick-meta":"","header-below-stick-meta":"","astra-migrate-meta-layouts":"default","ast-page-background-enabled":"default","ast-page-background-meta":{"desktop":{"background-color":"","background-image":"","background-repeat":"repeat","background-position":"center center","background-size":"auto","background-attachment":"scroll","background-type":"","background-media":"","overlay-type":"","overlay-color":"","overlay-opacity":"","overlay-gradient":""},"tablet":{"background-color":"","background-image":"","background-repeat":"repeat","background-position":"center center","background-size":"auto","background-attachment":"scroll","background-type":"","background-media":"","overlay-type":"","overlay-color":"","overlay-opacity":"","overlay-gradient":""},"mobile":{"background-color":"","background-image":"","background-repeat":"repeat","background-position":"center center","background-size":"auto","background-attachment":"scroll","background-type":"","background-media":"","overlay-type":"","overlay-color":"","overlay-opacity":"","overlay-gradient":""}},"ast-content-background-meta":{"desktop":{"background-color":"var(--ast-global-color-5)","background-image":"","background-repeat":"repeat","background-position":"center center","background-size":"auto","background-attachment":"scroll","background-type":"","background-media":"","overlay-type":"","overlay-color":"","overlay-opacity":"","overlay-gradient":""},"tablet":{"background-color":"var(--ast-global-color-5)","background-image":"","background-repeat":"repeat","background-position":"center center","background-size":"auto","background-attachment":"scroll","background-type":"","background-media":"","overlay-type":"","overlay-color":"","overlay-opacity":"","overlay-gradient":""},"mobile":{"background-color":"var(--ast-global-color-5)","background-image":"","background-repeat":"repeat","background-position":"center center","background-size":"auto","background-attachment":"scroll","background-type":"","background-media":"","overlay-type":"","overlay-color":"","overlay-opacity":"","overlay-gradient":""}},"footnotes":""},"categories":[1],"tags":[32],"class_list":["post-2683","post","type-post","status-publish","format-standard","hentry","category-atencion-y-cuidado","tag-oftalmologo-ciudad-de-mexico"],"aioseo_notices":[],"_links":{"self":[{"href":"https:\/\/arisvisionmexico.com\/cdmx\/wp-json\/wp\/v2\/posts\/2683","targetHints":{"allow":["GET"]}}],"collection":[{"href":"https:\/\/arisvisionmexico.com\/cdmx\/wp-json\/wp\/v2\/posts"}],"about":[{"href":"https:\/\/arisvisionmexico.com\/cdmx\/wp-json\/wp\/v2\/types\/post"}],"author":[{"embeddable":true,"href":"https:\/\/arisvisionmexico.com\/cdmx\/wp-json\/wp\/v2\/users\/5"}],"replies":[{"embeddable":true,"href":"https:\/\/arisvisionmexico.com\/cdmx\/wp-json\/wp\/v2\/comments?post=2683"}],"version-history":[{"count":3,"href":"https:\/\/arisvisionmexico.com\/cdmx\/wp-json\/wp\/v2\/posts\/2683\/revisions"}],"predecessor-version":[{"id":2759,"href":"https:\/\/arisvisionmexico.com\/cdmx\/wp-json\/wp\/v2\/posts\/2683\/revisions\/2759"}],"wp:attachment":[{"href":"https:\/\/arisvisionmexico.com\/cdmx\/wp-json\/wp\/v2\/media?parent=2683"}],"wp:term":[{"taxonomy":"category","embeddable":true,"href":"https:\/\/arisvisionmexico.com\/cdmx\/wp-json\/wp\/v2\/categories?post=2683"},{"taxonomy":"post_tag","embeddable":true,"href":"https:\/\/arisvisionmexico.com\/cdmx\/wp-json\/wp\/v2\/tags?post=2683"}],"curies":[{"name":"wp","href":"https:\/\/api.w.org\/{rel}","templated":true}]}}