{"id":4003,"date":"2024-05-30T23:20:33","date_gmt":"2024-05-31T04:20:33","guid":{"rendered":"https:\/\/arisvisionmexico.com\/cdmx\/?p=4003"},"modified":"2024-05-30T23:20:33","modified_gmt":"2024-05-31T04:20:33","slug":"los-7-sentidos-adicionales-mito-o-realidad","status":"publish","type":"post","link":"https:\/\/arisvisionmexico.com\/cdmx\/2024\/05\/los-7-sentidos-adicionales-mito-o-realidad\/","title":{"rendered":"\u00a0Los 7 sentidos adicionales: \u00bfmito o realidad?"},"content":{"rendered":"<p><img loading=\"lazy\" decoding=\"async\" class=\"aligncenter  wp-image-4004\" src=\"https:\/\/arisvisionmexico.com\/cdmx\/wp-content\/uploads\/2024\/05\/image-5-1-300x197.jpg\" alt=\"\" width=\"624\" height=\"410\" srcset=\"https:\/\/arisvisionmexico.com\/cdmx\/wp-content\/uploads\/2024\/05\/image-5-1-300x197.jpg 300w, https:\/\/arisvisionmexico.com\/cdmx\/wp-content\/uploads\/2024\/05\/image-5-1.jpg 640w\" sizes=\"auto, (max-width: 624px) 100vw, 624px\" \/><\/p>\n<p>&nbsp;<\/p>\n<p><span style=\"font-weight: 400;\">Desde que nacemos, se nos ense\u00f1a que para conocer el mundo que nos rodea, necesitamos aprender a interpretar todos los mensajes que percibimos por medio de cinco sentidos: <\/span><i><span style=\"font-weight: 400;\">vista<\/span><\/i><span style=\"font-weight: 400;\">, <\/span><i><span style=\"font-weight: 400;\">o\u00eddo<\/span><\/i><span style=\"font-weight: 400;\">, <\/span><i><span style=\"font-weight: 400;\">olfato<\/span><\/i><span style=\"font-weight: 400;\">, <\/span><i><span style=\"font-weight: 400;\">gusto<\/span><\/i><span style=\"font-weight: 400;\"> y <\/span><i><span style=\"font-weight: 400;\">tacto<\/span><\/i><span style=\"font-weight: 400;\">. Sin embargo, existen nuevos estudios que se\u00f1alan que poseemos una mayor capacidad sensorial.<\/span><\/p>\n<p><span style=\"font-weight: 400;\">En su libro \u201cSENTIENT\u201d, la autora Jackie Higgins nos plantea una idea de la existencia de siete sentidos adicionales que van m\u00e1s all\u00e1 de los convencionales, en estos incluye: <\/span><b><i>el sentido del color<\/i><\/b><span style=\"font-weight: 400;\">, <\/span><b><i>placer y dolor<\/i><\/b><span style=\"font-weight: 400;\">, <\/span><b><i>deseo<\/i><\/b><span style=\"font-weight: 400;\">, <\/span><b><i>equilibrio<\/i><\/b><span style=\"font-weight: 400;\">, <\/span><b><i>tiempo<\/i><\/b><span style=\"font-weight: 400;\">, <\/span><b><i>direcci\u00f3n y cuerpo\/propiocepci\u00f3n<\/i><\/b><span style=\"font-weight: 400;\">.\u00a0<\/span><\/p>\n<p><span style=\"font-weight: 400;\">Seg\u00fan la exploraci\u00f3n de los siete sentidos complementarios, la investigadora realiza una descripci\u00f3n de cada uno de la siguiente manera:<\/span><\/p>\n<ol>\n<li style=\"font-weight: 400;\" aria-level=\"1\"><b>Color: <\/b><span style=\"font-weight: 400;\">percepci\u00f3n de c\u00f3mo el uso de los colores, puede influir al espectador influenciando en su estado de \u00e1nimo.<\/span><\/li>\n<li style=\"font-weight: 400;\" aria-level=\"1\"><b>Placer y dolor:<\/b><span style=\"font-weight: 400;\"> la representaci\u00f3n de momentos felices o de situaciones dolorosas, pueden provocar sensaciones placenteras o de dolor. Relacionado con los nervios que est\u00e1n por debajo de la piel que captan las se\u00f1ales ante los est\u00edmulos externos.<\/span><\/li>\n<li style=\"font-weight: 400;\" aria-level=\"1\"><b>Deseo:<\/b><span style=\"font-weight: 400;\"> La influencia de pensamientos y emociones subconscientes despertadas por las aspiraciones y deseos del receptor o emisor, y que se rige por las feromonas.<\/span><\/li>\n<li style=\"font-weight: 400;\" aria-level=\"1\"><b>Equilibrio:<\/b><span style=\"font-weight: 400;\"> la composici\u00f3n visual de las im\u00e1genes puede afectar la sensaci\u00f3n del receptor produciendo una experiencia armoniosa o desequilibrada. Este sentido opera a trav\u00e9s del o\u00eddo interno y su capacidad se compone en permanecer en un \u00e1ngulo de 90 grados y no como un cuerpo inclinado.\u00a0<\/span><\/li>\n<li style=\"font-weight: 400;\" aria-level=\"1\"><b>Tiempo:<\/b><span style=\"font-weight: 400;\"> sugiere que la noci\u00f3n de tiempo captura momentos fugaces o transmite una sensaci\u00f3n atemporal. Tambi\u00e9n se relaciona con nuestro reloj biol\u00f3gico, determinando los ciclos de sue\u00f1o e insomnio.\u00a0<\/span><\/li>\n<li style=\"font-weight: 400;\" aria-level=\"1\"><b>Direcci\u00f3n:<\/b><span style=\"font-weight: 400;\"> involucra a nuestra br\u00fajula interior y su manera de lograr ubicarnos en nuestro entorno.\u00a0<\/span><\/li>\n<li style=\"font-weight: 400;\" aria-level=\"1\"><b>Cuerpo\/Propiocepci\u00f3n:<\/b><span style=\"font-weight: 400;\"> es la capacidad de autopercepci\u00f3n en relaci\u00f3n con nuestro cuerpo y el espacio que nos rodea.\u00a0<\/span><\/li>\n<\/ol>\n<p><span style=\"font-weight: 400;\">La experta admite que a medida que comprendemos lo compleja que es la percepci\u00f3n humana, se puede coincidir con la ciencia moderna acerca de su evidencia que propone que contamos con una amplia gama de sentidos, que van m\u00e1s all\u00e1 de los tradicionales.<\/span><\/p>\n<p><span style=\"font-weight: 400;\">Sin embargo, es fundamental destacar que en esta diversidad sensorial, la vista sigue posicion\u00e1ndose como uno de los sentidos primordiales. <\/span><i><span style=\"font-weight: 400;\">La vista<\/span><\/i><span style=\"font-weight: 400;\"> nos ofrece una ventana al exterior, permiti\u00e9ndonos percibir la forma, el color, la profundidad y el movimiento con una claridad excepcional. Es a trav\u00e9s de este sentido que aprendemos, reconocemos y apreciamos la belleza del arte as\u00ed como la humana.<\/span><\/p>\n<p><span style=\"font-weight: 400;\">Finalmente, el reconocer la existencia de estos sentidos nos ayuda a seguir explorando los l\u00edmites de nuestra percepci\u00f3n y comprensi\u00f3n del mundo que habitamos. <\/span><span style=\"font-weight: 400;\">En <\/span><b><i>Aris Vision<\/i><\/b><span style=\"font-weight: 400;\"> nuestra visi\u00f3n es ser l\u00edderes en el cuidado de la salud ocular, recordando a nuestros pacientes la importancia de su sentido de la vista y brind\u00e1ndoles la mejor atenci\u00f3n y tecnolog\u00eda disponible.<\/span><\/p>\n","protected":false},"excerpt":{"rendered":"<p>&nbsp; Desde que nacemos, se nos ense\u00f1a que para conocer el mundo que nos rodea, necesitamos aprender a interpretar todos los mensajes que percibimos por medio de cinco sentidos: vista, o\u00eddo, olfato, gusto y tacto. Sin embargo, existen nuevos estudios que se\u00f1alan que poseemos una mayor capacidad sensorial. En su libro \u201cSENTIENT\u201d, la autora Jackie [&hellip;]<\/p>\n","protected":false},"author":1,"featured_media":0,"comment_status":"open","ping_status":"open","sticky":false,"template":"","format":"standard","meta":{"om_disable_all_campaigns":false,"_monsterinsights_skip_tracking":false,"_monsterinsights_sitenote_active":false,"_monsterinsights_sitenote_note":"","_monsterinsights_sitenote_category":0,"site-sidebar-layout":"default","site-content-layout":"","ast-site-content-layout":"default","site-content-style":"default","site-sidebar-style":"default","ast-global-header-display":"","ast-banner-title-visibility":"","ast-main-header-display":"","ast-hfb-above-header-display":"","ast-hfb-below-header-display":"","ast-hfb-mobile-header-display":"","site-post-title":"","ast-breadcrumbs-content":"","ast-featured-img":"","footer-sml-layout":"","ast-disable-related-posts":"","theme-transparent-header-meta":"default","adv-header-id-meta":"","stick-header-meta":"","header-above-stick-meta":"","header-main-stick-meta":"","header-below-stick-meta":"","astra-migrate-meta-layouts":"set","ast-page-background-enabled":"default","ast-page-background-meta":{"desktop":{"background-color":"","background-image":"","background-repeat":"repeat","background-position":"center center","background-size":"auto","background-attachment":"scroll","background-type":"","background-media":"","overlay-type":"","overlay-color":"","overlay-opacity":"","overlay-gradient":""},"tablet":{"background-color":"","background-image":"","background-repeat":"repeat","background-position":"center center","background-size":"auto","background-attachment":"scroll","background-type":"","background-media":"","overlay-type":"","overlay-color":"","overlay-opacity":"","overlay-gradient":""},"mobile":{"background-color":"","background-image":"","background-repeat":"repeat","background-position":"center center","background-size":"auto","background-attachment":"scroll","background-type":"","background-media":"","overlay-type":"","overlay-color":"","overlay-opacity":"","overlay-gradient":""}},"ast-content-background-meta":{"desktop":{"background-color":"var(--ast-global-color-5)","background-image":"","background-repeat":"repeat","background-position":"center center","background-size":"auto","background-attachment":"scroll","background-type":"","background-media":"","overlay-type":"","overlay-color":"","overlay-opacity":"","overlay-gradient":""},"tablet":{"background-color":"var(--ast-global-color-5)","background-image":"","background-repeat":"repeat","background-position":"center center","background-size":"auto","background-attachment":"scroll","background-type":"","background-media":"","overlay-type":"","overlay-color":"","overlay-opacity":"","overlay-gradient":""},"mobile":{"background-color":"var(--ast-global-color-5)","background-image":"","background-repeat":"repeat","background-position":"center center","background-size":"auto","background-attachment":"scroll","background-type":"","background-media":"","overlay-type":"","overlay-color":"","overlay-opacity":"","overlay-gradient":""}},"footnotes":""},"categories":[19],"tags":[],"class_list":["post-4003","post","type-post","status-publish","format-standard","hentry","category-generalidades"],"aioseo_notices":[],"_links":{"self":[{"href":"https:\/\/arisvisionmexico.com\/cdmx\/wp-json\/wp\/v2\/posts\/4003","targetHints":{"allow":["GET"]}}],"collection":[{"href":"https:\/\/arisvisionmexico.com\/cdmx\/wp-json\/wp\/v2\/posts"}],"about":[{"href":"https:\/\/arisvisionmexico.com\/cdmx\/wp-json\/wp\/v2\/types\/post"}],"author":[{"embeddable":true,"href":"https:\/\/arisvisionmexico.com\/cdmx\/wp-json\/wp\/v2\/users\/1"}],"replies":[{"embeddable":true,"href":"https:\/\/arisvisionmexico.com\/cdmx\/wp-json\/wp\/v2\/comments?post=4003"}],"version-history":[{"count":1,"href":"https:\/\/arisvisionmexico.com\/cdmx\/wp-json\/wp\/v2\/posts\/4003\/revisions"}],"predecessor-version":[{"id":4005,"href":"https:\/\/arisvisionmexico.com\/cdmx\/wp-json\/wp\/v2\/posts\/4003\/revisions\/4005"}],"wp:attachment":[{"href":"https:\/\/arisvisionmexico.com\/cdmx\/wp-json\/wp\/v2\/media?parent=4003"}],"wp:term":[{"taxonomy":"category","embeddable":true,"href":"https:\/\/arisvisionmexico.com\/cdmx\/wp-json\/wp\/v2\/categories?post=4003"},{"taxonomy":"post_tag","embeddable":true,"href":"https:\/\/arisvisionmexico.com\/cdmx\/wp-json\/wp\/v2\/tags?post=4003"}],"curies":[{"name":"wp","href":"https:\/\/api.w.org\/{rel}","templated":true}]}}